{"id":653,"date":"2010-10-04T12:07:58","date_gmt":"2010-10-04T10:07:58","guid":{"rendered":"http:\/\/warzecha.katowice.pl\/?p=653"},"modified":"2010-10-12T09:42:52","modified_gmt":"2010-10-12T07:42:52","slug":"zadamy-obnizenia-oplat-za-przedszkola","status":"publish","type":"post","link":"http:\/\/warzecha.katowice.pl\/?p=653","title":{"rendered":"\u017b\u0105damy obni\u017cenia op\u0142at za przedszkola!"},"content":{"rendered":"<p><html xmlns=\"\"><strong>Wraz z Witoldem Witkowiczem, Magd\u0105 Wieczorek i Ew\u0105 Ko\u0142odziej \u017c\u0142o\u017cy\u0142em dzisiaj projekt uchwa\u0142y Rady Miasta Katowice, kt\u00f3rego celem ma by\u0107 obni\u017cenie op\u0142at za przedszkola.<\/strong><\/p>\n<p>W lipcu rada miasta\u00a0wprowadzi\u0142a odp\u0142atno\u015b\u0107 za zaj\u0119cia wykraczaj\u0105ce poza podstaw\u0119 programow\u0105 w wysoko\u015bci 2,68 z\u0142 za dodatkow\u0105 godzin\u0119 \u015bwiadcze\u0144 dydaktycznych. Op\u0142ata za drugie dziecko wynosi 1,34 z\u0142. Trzecie i kolejne dzieci w rodzinie s\u0105 zwolnione z\u00a0tych op\u0142at.<\/p>\n<p>Wprowadzenie op\u0142at w tej wysoko\u015bci zaproponowa\u0142 pod\u00a0koniec lipca prezydent Uszok.\u00a0Wni\u00f3s\u0142 on do rady projekt uchwa\u0142y po tym jak dotychczas obowi\u0105zuj\u0105ca\u00a0uchwa\u0142a\u00a0w tej sprawie z 2009 roku\u00a0zosta\u0142a uniewa\u017cniona przez\u00a0wojewod\u0119, kt\u00f3ry stwierdzi\u0142 w niej\u00a0usterki dotycz\u0105ce wyliczenia podanej kwoty odp\u0142atno\u015bci i brak katalogu \u015bwiadcze\u0144. Nowelizacj\u0105\u00a0zaj\u0119\u0142a si\u0119\u00a0w lipcu\u00a0 komisja edukacji, a nast\u0119pnie rada. Podczas sesji wnioskodawcy zapewniali, \u017ce &#8222;wprowadzone zmiany nie spowoduj\u0105 wzrostu op\u0142at za przedszkola&#8221;. Jednak sygna\u0142y, kt\u00f3re zg\u0142aszaj\u0105 nam mieszka\u0144cy Katowic wskazuj\u0105 na to, \u017ce op\u0142aty te w niekt\u00f3rych przypadkach mog\u0105 wzrosn\u0105\u0107 nawet o jedn\u0105 trzeci\u0105. Okazuje si\u0119 te\u017c, \u017ce w miastach s\u0105siednich s\u0105 one znacznie ni\u017csze ni\u017c u nas.<\/p>\n<p>Dlatego proponujemy obni\u017cenie dotychczasowych stawek o po\u0142ow\u0119, tj. do wysoko\u015bci 1,30 z\u0142 za dodatkow\u0105 godzin\u0119 i 0,65 z\u0142 za drugie dziecko w rodzinie. Chcemy te\u017c utrzymania ulgi w op\u0142atach dla rodzin wielodzietnych. Obni\u017cenie tych stawek ma by\u0107 jednym z element\u00f3w mobilizuj\u0105cych oboje rodzic\u00f3w do podejmowania pracy zawodowej. Zniech\u0119caj\u0105 do tego m.in. wysokie op\u0142aty za \u017c\u0142obek i przedszkole. Utrudnia to matkom ponowne podj\u0119cie pracy po przerwie zwi\u0105zanej z urodzeniem i wychowaniem dziecka. Zale\u017cy nam te\u017c na tym, aby doprowadzi\u0107 do realizacji z\u0142o\u017conej publicznie przed rad\u0105 deklaracji o utrzymaniu w Katowicach dotychczasowego poziomu op\u0142at za przedszkola. Uwa\u017camy te\u017c, powinny by\u0107 one por\u00f3wnywalne z innymi \u015bl\u0105skimi miastami.<\/p>\n<p><a href=\"http:\/\/warzecha.katowice.pl\/wp-content\/2010\/10\/Uchwa\u0142a-ws.-obni\u017cenia-stawek-za-przedszkola.pdf\">Uchwa\u0142a ws. obni\u017cenia stawek za przedszkola (projekt)<\/a> (PDF 298KB)<\/p>\n","protected":false},"excerpt":{"rendered":"<p>Wraz z Witoldem Witkowiczem, Magd\u0105 Wieczorek i Ew\u0105 Ko\u0142odziej \u017c\u0142o\u017cy\u0142em dzisiaj projekt uchwa\u0142y Rady Miasta Katowice, kt\u00f3rego celem ma by\u0107 obni\u017cenie op\u0142at za przedszkola. W lipcu rada miasta\u00a0wprowadzi\u0142a odp\u0142atno\u015b\u0107 za zaj\u0119cia wykraczaj\u0105ce poza podstaw\u0119 programow\u0105 w wysoko\u015bci 2,68 z\u0142 za dodatkow\u0105 godzin\u0119 \u015bwiadcze\u0144 dydaktycznych. Op\u0142ata za drugie dziecko wynosi 1,34 z\u0142. Trzecie i kolejne dzieci [&hellip;]<\/p>\n","protected":false},"author":1,"featured_media":0,"comment_status":"open","ping_status":"open","sticky":false,"template":"","format":"standard","meta":{"om_disable_all_campaigns":false,"sharing_disabled":false,"spay_email":"","jetpack_publicize_message":""},"categories":[15,18,11,3],"tags":[56,46,38,36,41,39,35,57,30,52,55,45,40,65,54,33,29,32,50,31,34,58,59,60,37,53,61,51,62,63,64],"aioseo_notices":[],"jetpack_featured_media_url":"","jetpack_publicize_connections":[],"jetpack_shortlink":"https:\/\/wp.me\/paiuYs-ax","_links":{"self":[{"href":"http:\/\/warzecha.katowice.pl\/index.php?rest_route=\/wp\/v2\/posts\/653"}],"collection":[{"href":"http:\/\/warzecha.katowice.pl\/index.php?rest_route=\/wp\/v2\/posts"}],"about":[{"href":"http:\/\/warzecha.katowice.pl\/index.php?rest_route=\/wp\/v2\/types\/post"}],"author":[{"embeddable":true,"href":"http:\/\/warzecha.katowice.pl\/index.php?rest_route=\/wp\/v2\/users\/1"}],"replies":[{"embeddable":true,"href":"http:\/\/warzecha.katowice.pl\/index.php?rest_route=%2Fwp%2Fv2%2Fcomments&post=653"}],"version-history":[{"count":0,"href":"http:\/\/warzecha.katowice.pl\/index.php?rest_route=\/wp\/v2\/posts\/653\/revisions"}],"wp:attachment":[{"href":"http:\/\/warzecha.katowice.pl\/index.php?rest_route=%2Fwp%2Fv2%2Fmedia&parent=653"}],"wp:term":[{"taxonomy":"category","embeddable":true,"href":"http:\/\/warzecha.katowice.pl\/index.php?rest_route=%2Fwp%2Fv2%2Fcategories&post=653"},{"taxonomy":"post_tag","embeddable":true,"href":"http:\/\/warzecha.katowice.pl\/index.php?rest_route=%2Fwp%2Fv2%2Ftags&post=653"}],"curies":[{"name":"wp","href":"https:\/\/api.w.org\/{rel}","templated":true}]}}