{"id":637,"date":"2010-10-01T09:09:18","date_gmt":"2010-10-01T07:09:18","guid":{"rendered":"http:\/\/warzecha.katowice.pl\/?p=637"},"modified":"2010-10-07T09:02:03","modified_gmt":"2010-10-07T07:02:03","slug":"kandyduje-do-rady-miasta-katowice","status":"publish","type":"post","link":"http:\/\/warzecha.katowice.pl\/?p=637","title":{"rendered":"Dlaczego chc\u0119 zosta\u0107 radnym?"},"content":{"rendered":"<p><strong>Jestem numerem 1 na li\u015bcie PO w okr\u0119gu wyborczym nr 2, kt\u00f3ry obejmuje wschodnie dzielnice Katowic: D\u0105br\u00f3wk\u0119 Ma\u0142\u0105, Szopienice, Burowiec, Jan\u00f3w, Nikiszowiec i Giszowiec. Co chcia\u0142bym zrobi\u0107 dla tych dzielnic w nast\u0119pnej kadencji?<\/strong><\/p>\n<p>Program Platformy dla Katowic zak\u0142ada przy\u015bpieszenie niezb\u0119dnych dzia\u0142a\u0144 inwestycyjnych i szybkie przeprowadzenie nierealizowanych do tej pory przedsi\u0119wzi\u0119\u0107, takich jak przebudowa rynku, czy budowa stadionu miejskiego z prawdziwego zdarzenia.<\/p>\n<p>Dzielnice wschodnie Katowic ze wzgl\u0119du na swoj\u0105 specyfik\u0119 wymagaj\u0105 szczeg\u00f3lnego podej\u015bcia. Upad\u0142 przemys\u0142 ci\u0119\u017cki, kt\u00f3ry przez lata by\u0142 ich motorem. Pilnie wi\u0119c musimy poszukiwa\u0107 nowych inwestor\u00f3w i firm, kt\u00f3re chcia\u0142yby u nas dzia\u0142a\u0107 i tworzy\u0107 nowe, trwa\u0142e miejsca pracy. Przygotujemy dla nich nowe tereny inwestycyjne i zapewnimy profesjonaln\u0105, uprzejm\u0105 i kompetentn\u0105 obs\u0142ug\u0119 dla tych, kt\u00f3rzy zdecyduj\u0105 si\u0119 zainwestowa\u0107 w Szopienicach, Giszowcu czy Janowie.<\/p>\n<p>Bolesnym problemem\u00a0pozostaje wci\u0105\u017c bezpiecze\u0144stwo.\u00a0Nie mo\u017cemy tolerowa\u0107 przemocy w \u017cadnej formie. Bandom szalikowc\u00f3w\u00a0terroryzuj\u0105cym \u017cycie ca\u0142ych dzielnic trzeba wreszcie stanowczo powiedzie\u0107: do\u015b\u0107! Platforma wprowadzi skuteczny system monitoringu, kt\u00f3ry\u00a0b\u0119dzie\u00a0nie tylko rejestrowa\u0142 obraz z kamer, tak jak jest teraz, ale taki, kt\u00f3ry w przypadku napadu\u00a0czy kradzie\u017cy spowoduje szybkie pojawienie si\u0119\u00a0funkcjonariuszy na miejscu zdarzenia.<\/p>\n<p>Platforma chce, aby Katowice\u00a0sta\u0142y si\u0119\u00a0miastem przyjaznym i dobrym do \u017cycia. Chcemy przygotowa\u0107 nowe tereny pod budownictwo mieszkaniowe m.in. w D\u0105br\u00f3wce Ma\u0142ej i Giszowcu. Nie pope\u0142nimy b\u0142\u0119d\u00f3w, kt\u00f3re dotkliwie odczuwaj\u0105 dzi\u015b mieszka\u0144cy po\u0142udniowych dzielnic Katowic i rozpoczniemy od zbudowania dr\u00f3g, kt\u00f3re po\u0142\u0105cz\u0105 nowe osiedla z centrum miasta. Chcemy te\u017c tak planowa\u0107 rozw\u00f3j miasta, \u017ceby wszystkie najwa\u017cniejsze \u017cyciowe sprawy da\u0142o si\u0119 za\u0142atwi\u0107 blisko domu, lokalnie, w poszczeg\u00f3lnych dzielnicach, bez potrzeby je\u017cd\u017cenia do centrum. Dotyczy to te\u017c oczywi\u015bcie za\u0142atwiania spraw urz\u0119dowych. Chcemy, aby w ka\u017cdej dzielnicy powsta\u0142y Punkty Obs\u0142ugi Mieszka\u0144ca, w kt\u00f3ych\u00a0b\u0119dzie w nich mo\u017cna uzyska\u0107 informacje o wszystkich procedurach administracyjnych oraz otrzyma\u0107 i wype\u0142ni\u0107 odpowiedni formularz, a potem go z\u0142o\u017cy\u0107.\u00a0<\/p>\n<p>Zadbamy te\u017c o tereny zielone i rekreacyjne. Uwagi miasta wymaga nie tylko Dolina Trzech Staw\u00f3w czy Bolina, ale r\u00f3wnie\u017c Bagry, Morawa, Borki, Stawiki,\u00a0Hubertus i\u00a0Janina-Barbara.\u00a0Stawy te i tereny wok\u00f3\u0142 nich to\u00a0miejsca\u00a0zaskakuj\u0105cego, jak na\u00a0centrum przemys\u0142owej aglomeracji, kontaktu z dzik\u0105 i nieposkromion\u0105 przyrod\u0105.\u00a0To te\u017c doskona\u0142e tereny dla rekreacji, sportu,\u00a0spotka\u0144 i zabawy w gronie przyjaci\u00f3\u0142.\u00a0O walorach tych miejsc wiedz\u0105\u00a0\u015bwietnie w\u0119dkarze i harcerze, kt\u00f3rzy maj\u0105 tam swoje rybacz\u00f3wki i stanice. Odpowiednio starannie prowadzone\u00a0inwestycje mog\u0105 je przemieni\u0107 w\u00a0prawdziw\u0105 pere\u0142k\u0119 i chlub\u0119 Katowic.<\/p>\n<p>Kandydatem Platformy na prezydenta Katowic jest Arkadiusz Godlewski, kt\u00f3rego znam i z kt\u00f3rym wsp\u00f3\u0142pracuj\u0119 od ponad 10 lat. Poznali\u015bmy si\u0119 w rodz\u0105cym si\u0119 w\u00f3wczas samorz\u0105dzie wojew\u00f3dzkim\u00a0i tworzyli\u015bmy od podstaw struktury urz\u0119du marsza\u0142kowskiego. Samorz\u0105du i samorz\u0105dno\u015bci uczyli\u015bmy si\u0119 obaj od pana dr. Jana Olbrychta, pierwszego Marsza\u0142ka Wojew\u00f3dztwa \u015al\u0105skiego, kt\u00f3ry skutecznie zaszczepi\u0142 w nas te idee i pokaza\u0142 jak wsp\u00f3\u0142dzia\u0142a\u0107 z innymi dla dobra wsp\u00f3lnego.\u00a0Dlatego wiem, \u017ce Arek Godlewski to\u00a0dobry kandydat na prezydenta Katowic.<\/p>\n<p>Wybory samorz\u0105dowe zaplanowano na 21 listopada.\u00a0Prosz\u0119 o Tw\u00f3j g\u0142os!<\/p>\n","protected":false},"excerpt":{"rendered":"<p>Jestem numerem 1 na li\u015bcie PO w okr\u0119gu wyborczym nr 2, kt\u00f3ry obejmuje wschodnie dzielnice Katowic: D\u0105br\u00f3wk\u0119 Ma\u0142\u0105, Szopienice, Burowiec, Jan\u00f3w, Nikiszowiec i Giszowiec. Co chcia\u0142bym zrobi\u0107 dla tych dzielnic w nast\u0119pnej kadencji? Program Platformy dla Katowic zak\u0142ada przy\u015bpieszenie niezb\u0119dnych dzia\u0142a\u0144 inwestycyjnych i szybkie przeprowadzenie nierealizowanych do tej pory przedsi\u0119wzi\u0119\u0107, takich jak przebudowa rynku, czy [&hellip;]<\/p>\n","protected":false},"author":1,"featured_media":0,"comment_status":"open","ping_status":"open","sticky":false,"template":"","format":"standard","meta":{"om_disable_all_campaigns":false,"sharing_disabled":false,"spay_email":"","jetpack_publicize_message":""},"categories":[5,13,10,9,18,12],"tags":[56,44,46,38,36,41,42,48,49,39,35,57,30,45,40,43,33,29,32,31,34,58,59,47,60,37,53,61,62,63,64],"aioseo_notices":[],"jetpack_featured_media_url":"","jetpack_publicize_connections":[],"jetpack_shortlink":"https:\/\/wp.me\/paiuYs-ah","_links":{"self":[{"href":"http:\/\/warzecha.katowice.pl\/index.php?rest_route=\/wp\/v2\/posts\/637"}],"collection":[{"href":"http:\/\/warzecha.katowice.pl\/index.php?rest_route=\/wp\/v2\/posts"}],"about":[{"href":"http:\/\/warzecha.katowice.pl\/index.php?rest_route=\/wp\/v2\/types\/post"}],"author":[{"embeddable":true,"href":"http:\/\/warzecha.katowice.pl\/index.php?rest_route=\/wp\/v2\/users\/1"}],"replies":[{"embeddable":true,"href":"http:\/\/warzecha.katowice.pl\/index.php?rest_route=%2Fwp%2Fv2%2Fcomments&post=637"}],"version-history":[{"count":0,"href":"http:\/\/warzecha.katowice.pl\/index.php?rest_route=\/wp\/v2\/posts\/637\/revisions"}],"wp:attachment":[{"href":"http:\/\/warzecha.katowice.pl\/index.php?rest_route=%2Fwp%2Fv2%2Fmedia&parent=637"}],"wp:term":[{"taxonomy":"category","embeddable":true,"href":"http:\/\/warzecha.katowice.pl\/index.php?rest_route=%2Fwp%2Fv2%2Fcategories&post=637"},{"taxonomy":"post_tag","embeddable":true,"href":"http:\/\/warzecha.katowice.pl\/index.php?rest_route=%2Fwp%2Fv2%2Ftags&post=637"}],"curies":[{"name":"wp","href":"https:\/\/api.w.org\/{rel}","templated":true}]}}