{"id":419,"date":"2010-07-20T16:35:39","date_gmt":"2010-07-20T14:35:39","guid":{"rendered":"http:\/\/warzecha.katowice.pl\/?p=419"},"modified":"2010-11-15T08:48:41","modified_gmt":"2010-11-15T07:48:41","slug":"fakt-napisal-o-mnie-nieprawde","status":"publish","type":"post","link":"http:\/\/warzecha.katowice.pl\/?p=419","title":{"rendered":"\u201eFakt\u201d napisa\u0142 o mnie nieprawd\u0119"},"content":{"rendered":"<p><strong>Dzisiejsze wydanie\u00a0&#8222;Faktu&#8221; poda\u0142o niestety nieprawdziwe informacje dotycz\u0105ce aktywno\u015bci katowickich radnych, w tym tak\u017ce i mojej.\u00a0Wymag<\/strong><strong>a to zatem drobnego sprostowania i kr\u00f3tkiego wyja\u015bnienia na czym polega moja praca jako radnego Katowic.<\/strong><\/p>\n<p>Jako wska\u017anik aktywno\u015bci miejskiego radnego przyj\u0119to ilo\u015b\u0107 z\u0142o\u017conych przez niego interpelacji, czyli rozmaitych pisemnych wyst\u0105pie\u0144 kierowanych do prezydenta dotycz\u0105cych spraw istotnych\u00a0dla miasta i mieszka\u0144c\u00f3w. W artykule podano nieprawdziw\u0105 informacj\u0119, \u017ce z\u0142o\u017cy\u0142em je tylko\u00a0dwukrotnie, podczas gdy\u00a0dotychczas jest ich\u00a0pi\u0119tna\u015bcie razy wi\u0119cej &#8211;\u00a030. Szczeg\u00f3\u0142owy wykaz znajduje si\u0119 na tej stronie w sekcji <a title=\"Dokumenty\" href=\"http:\/\/warzecha.katowice.pl\/?page_id=102\">Dokumenty<\/a>.<\/p>\n<p>Waga spraw poruszanych w tych pismach jest r\u00f3\u017cna: od interwencji w sprawie naprawy drogi, organizacji ruchu i bezpiecze\u0144stwa publicznego do\u00a0wyst\u0105pie\u0144 w sprawie zakupu\u00a0ratuj\u0105cych ludzkie \u017cycie\u00a0debibrylator\u00f3w (AED) czy przyst\u0105pienia Katowic do konkursu o tytu\u0142 Europejskiej Stolicy Kultury 2016. Dopiero teraz uda\u0142o si\u0119 zrealizowa\u0107 niekt\u00f3re postulaty z poprzedniej kadencji. Mieszka\u0144cy Zawodzia mog\u0105 np. od niedawna cieszy\u0107 si\u0119 nowymi, bezpiecznymi peronami tramwajowymi. Nie wszystko oczywi\u015bcie uda\u0142o si\u0119 za\u0142atwi\u0107. Nie powiod\u0142y si\u0119 moje\u00a0starania o wprowadzenie specjalnego biletu ulgowego dla rodzin wielodzietnych, uporz\u0105dkowanie gospodarki \u015bmieciami i wprowadzenie tzw. podatku \u015bmieciowego, opracowanie miejskiego programu o\u015bwiaty czy dofinansowanie dla koszykarskiego klubu ekstraklasy.\u00a0&#8222;Fakt&#8221; pisa\u0142 o du\u017cej cz\u0119\u015bci tych inicjatyw, dziwi mnie wi\u0119c ta dzisiejsza informacja.\u00a0<\/p>\n<p>Myli\u0142by si\u0119 jednak ten, kto s\u0105dzi\u0142by, \u017ce praca radnego nie polega\u00a0tylko na pisaniu i sk\u0142adaniu pism, jak to sugeruje &#8222;Fakt&#8221; &#8211; im wi\u0119cej tym lepiej. Przede wszystkim to przecie\u017c praca z lud\u017ami &#8211; udzia\u0142 w sesjach i w posiedzeniach komisji oraz spotkania i rozmowy z mieszka\u0144cami. Przewodnicz\u0119\u00a0jednej\u00a0komisji &#8211; Komisji Gospodarki Komunalnej, jestem cz\u0142onkiem dw\u00f3ch innych &#8211; Komisji Rewizyjnej i Komisji Organizacyjnej i jednej podkomisji &#8211;\u00a0Zespo\u0142u ds. nazewnictwa ulic i plac\u00f3w. Udzia\u0142 w pracach rady od strony formalnej polega na tworzeniu prawa na poziomie gminy. Dyskutujemy i nast\u0119pnie podejmujemy uchwa\u0142y we wszystkich istotnych dla miasta sprawach &#8211; pocz\u0105wszy od bud\u017cetu miasta, planu zagospodarowania przestrzennego, organizacji systemu o\u015bwiaty, ochrony zdrowia, na op\u0142atach za wod\u0119 i miejskich podatkach sko\u0144czywszy. Ponadto jestem szefem Klubu Radnych Platformy Obywatelskiej w katowickiej radzie miasta &#8211; drugiego co do wielko\u015bci klubu radnych.<\/p>\n<p>Jestem\u00a0w sta\u0142ym kontakcie z mieszka\u0144cami. Mo\u017cna si\u0119 ze\u00a0mn\u0105 spotka\u0107 podczas dy\u017curu, napisa\u0107 maila lub zadzwoni\u0107. Owocem tych spotka\u0144 i rozm\u00f3w s\u0105 interwencje i pomoc w konkretnych ludzkich sprawach. Niekiedy wymagaj\u0105 one interwencji pisemnej, najcz\u0119\u015bciej jednak staraj\u0105c si\u0119 pom\u00f3c interweniuj\u0119 osobi\u015bcie. Niekiedy ta pomoc przybiera\u00a0charakter akcji charytatywnej,\u00a0organizowanej tak\u017ce przez &#8222;Fakt&#8221;, czy te\u017c spo\u0142ecznej,\u00a0takiej jak cho\u0107by zorganizowana przeze mnie\u00a0ostatnio akcja rozdawania wody mieszka\u0144com.<\/p>\n<p>Poniewa\u017c o du\u017cej cz\u0119\u015bci z tych dzia\u0142a\u0144 &#8222;Fakt&#8221; na swoich \u0142amach nie tylko\u00a0pisa\u0142, ale te\u017c jak dot\u0105d\u00a0pozytywnie je ocenia\u0142, a dzisiejsza ocena\u00a0mojej pracy opiera si\u0119 nie tylko na niew\u0142a\u015bciwych danych\u00a0liczbowych, ale te\u017c na niew\u0142a\u015bciwych za\u0142o\u017ceniach, to jest to ocena\u00a0niesprawiedliwa i krzywdz\u0105ca. B\u0119d\u0119 stara\u0142 si\u0119 o jej sprostowanie.<\/p>\n","protected":false},"excerpt":{"rendered":"<p>Dzisiejsze wydanie\u00a0&#8222;Faktu&#8221; poda\u0142o niestety nieprawdziwe informacje dotycz\u0105ce aktywno\u015bci katowickich radnych, w tym tak\u017ce i mojej.\u00a0Wymaga to zatem drobnego sprostowania i kr\u00f3tkiego wyja\u015bnienia na czym polega moja praca jako radnego Katowic. Jako wska\u017anik aktywno\u015bci miejskiego radnego przyj\u0119to ilo\u015b\u0107 z\u0142o\u017conych przez niego interpelacji, czyli rozmaitych pisemnych wyst\u0105pie\u0144 kierowanych do prezydenta dotycz\u0105cych spraw istotnych\u00a0dla miasta i mieszka\u0144c\u00f3w. W [&hellip;]<\/p>\n","protected":false},"author":1,"featured_media":0,"comment_status":"open","ping_status":"open","sticky":false,"template":"","format":"standard","meta":{"om_disable_all_campaigns":false,"sharing_disabled":false,"spay_email":"","jetpack_publicize_message":""},"categories":[3],"tags":[79,76,80,30,81,78,31,77],"aioseo_notices":[],"jetpack_featured_media_url":"","jetpack_publicize_connections":[],"jetpack_shortlink":"https:\/\/wp.me\/paiuYs-6L","_links":{"self":[{"href":"http:\/\/warzecha.katowice.pl\/index.php?rest_route=\/wp\/v2\/posts\/419"}],"collection":[{"href":"http:\/\/warzecha.katowice.pl\/index.php?rest_route=\/wp\/v2\/posts"}],"about":[{"href":"http:\/\/warzecha.katowice.pl\/index.php?rest_route=\/wp\/v2\/types\/post"}],"author":[{"embeddable":true,"href":"http:\/\/warzecha.katowice.pl\/index.php?rest_route=\/wp\/v2\/users\/1"}],"replies":[{"embeddable":true,"href":"http:\/\/warzecha.katowice.pl\/index.php?rest_route=%2Fwp%2Fv2%2Fcomments&post=419"}],"version-history":[{"count":0,"href":"http:\/\/warzecha.katowice.pl\/index.php?rest_route=\/wp\/v2\/posts\/419\/revisions"}],"wp:attachment":[{"href":"http:\/\/warzecha.katowice.pl\/index.php?rest_route=%2Fwp%2Fv2%2Fmedia&parent=419"}],"wp:term":[{"taxonomy":"category","embeddable":true,"href":"http:\/\/warzecha.katowice.pl\/index.php?rest_route=%2Fwp%2Fv2%2Fcategories&post=419"},{"taxonomy":"post_tag","embeddable":true,"href":"http:\/\/warzecha.katowice.pl\/index.php?rest_route=%2Fwp%2Fv2%2Ftags&post=419"}],"curies":[{"name":"wp","href":"https:\/\/api.w.org\/{rel}","templated":true}]}}