{"id":272,"date":"2009-04-07T07:33:53","date_gmt":"2009-04-07T06:33:53","guid":{"rendered":"http:\/\/warzecha.katowice.pl\/?p=272"},"modified":"2016-06-09T12:06:17","modified_gmt":"2016-06-09T10:06:17","slug":"przekonalismy-prezydenta","status":"publish","type":"post","link":"http:\/\/warzecha.katowice.pl\/?p=272","title":{"rendered":"Przekonali\u015bmy prezydenta!"},"content":{"rendered":"<div id=\"attachment_2774\" class=\"wp-caption aligncenter\" style=\"width: 763px\"><img decoding=\"async\" loading=\"lazy\" class=\"size-full wp-image-2774\" src=\"http:\/\/warzecha.katowice.pl\/wp-content\/uploads\/2009\/04\/logo_A01-1.jpg\" alt=\"Logo ESK Katowice\" width=\"763\" height=\"1072\" srcset=\"http:\/\/warzecha.katowice.pl\/wp-content\/uploads\/2009\/04\/logo_A01-1.jpg 763w, http:\/\/warzecha.katowice.pl\/wp-content\/uploads\/2009\/04\/logo_A01-1-214x300.jpg 214w, http:\/\/warzecha.katowice.pl\/wp-content\/uploads\/2009\/04\/logo_A01-1-729x1024.jpg 729w\" sizes=\"(max-width: 763px) 100vw, 763px\" \/><p class=\"wp-caption-text\">Logo ESK Katowice<\/p><\/div>\n<p><strong>Jak poda\u0142a Gazeta Wyborcza, Prezydent Uszok zdecydowa\u0142 o tym, \u017ce miasto powalczy o tytu\u0142 Europejskiej Stolicy Kultury 2016. Tym samym odpowiedzia\u0142 na lutowy apel klubu PO.<\/strong><\/p>\n<p>Katowice w walce o tytu\u0142 stan\u0105 w szranki z innymi polskimi miastami. Oferta firmowana przez Katowice tak naprawd\u0119 b\u0119dzie prezentowa\u0142a to, co najlepszego w kulturze maj\u0105 do zaproponowania tak\u017ce inne miasta wojew\u00f3dztwa \u015bl\u0105skiego, kt\u00f3re przy\u0142\u0105cz\u0105 si\u0119 do realizacji tego projektu. Na razie pomys\u0142 popar\u0142y Bytom, Chorz\u00f3w, Mys\u0142owice, Piekary \u015al\u0105skie, Ruda \u015al\u0105ska, Sosnowiec, Tychy i\u00a0Zabrze. Wkr\u00f3tce sprawa udzia\u0142u w konkursie\u00a0trafi na posiedzenie\u00a0G\u00f3rno\u015bl\u0105skiego Zwi\u0105zku Metropolitalnego.<\/p>\n<p><a href=\"http:\/\/miasta.gazeta.pl\/katowice\/1,35019,6473586,Katowice_chca_byc_Europejska_Stolica_Kultury.html\">http:\/\/miasta.gazeta.pl\/katowice\/1,35019,6473586,Katowice_chca_byc_Europejska_Stolica_Kultury.html<\/a><\/p>\n","protected":false},"excerpt":{"rendered":"<p>Prezydent Uszok zdecydowa\u0142 o tym, \u017ce Katowice powalcz\u0105 o tytu\u0142 Europejskiej Stolicy Kultury 2016! Tym samym odpowiedzia\u0142 na nasz lutowy apel.<\/p>\n","protected":false},"author":1,"featured_media":0,"comment_status":"closed","ping_status":"open","sticky":false,"template":"","format":"standard","meta":{"om_disable_all_campaigns":false,"sharing_disabled":false,"spay_email":"","jetpack_publicize_message":""},"categories":[14,7],"tags":[],"aioseo_notices":[],"jetpack_featured_media_url":"","jetpack_publicize_connections":[],"jetpack_shortlink":"https:\/\/wp.me\/paiuYs-4o","_links":{"self":[{"href":"http:\/\/warzecha.katowice.pl\/index.php?rest_route=\/wp\/v2\/posts\/272"}],"collection":[{"href":"http:\/\/warzecha.katowice.pl\/index.php?rest_route=\/wp\/v2\/posts"}],"about":[{"href":"http:\/\/warzecha.katowice.pl\/index.php?rest_route=\/wp\/v2\/types\/post"}],"author":[{"embeddable":true,"href":"http:\/\/warzecha.katowice.pl\/index.php?rest_route=\/wp\/v2\/users\/1"}],"replies":[{"embeddable":true,"href":"http:\/\/warzecha.katowice.pl\/index.php?rest_route=%2Fwp%2Fv2%2Fcomments&post=272"}],"version-history":[{"count":3,"href":"http:\/\/warzecha.katowice.pl\/index.php?rest_route=\/wp\/v2\/posts\/272\/revisions"}],"predecessor-version":[{"id":2800,"href":"http:\/\/warzecha.katowice.pl\/index.php?rest_route=\/wp\/v2\/posts\/272\/revisions\/2800"}],"wp:attachment":[{"href":"http:\/\/warzecha.katowice.pl\/index.php?rest_route=%2Fwp%2Fv2%2Fmedia&parent=272"}],"wp:term":[{"taxonomy":"category","embeddable":true,"href":"http:\/\/warzecha.katowice.pl\/index.php?rest_route=%2Fwp%2Fv2%2Fcategories&post=272"},{"taxonomy":"post_tag","embeddable":true,"href":"http:\/\/warzecha.katowice.pl\/index.php?rest_route=%2Fwp%2Fv2%2Ftags&post=272"}],"curies":[{"name":"wp","href":"https:\/\/api.w.org\/{rel}","templated":true}]}}