{"id":2418,"date":"2015-07-01T12:07:42","date_gmt":"2015-07-01T10:07:42","guid":{"rendered":"http:\/\/warzecha.katowice.pl\/?p=2418"},"modified":"2016-06-09T12:10:15","modified_gmt":"2016-06-09T10:10:15","slug":"zyzna-zostala-wyasfaltowana","status":"publish","type":"post","link":"http:\/\/warzecha.katowice.pl\/?p=2418","title":{"rendered":"\u017byzna wyasfaltowana!"},"content":{"rendered":"<div id=\"attachment_2794\" class=\"wp-caption aligncenter\" style=\"width: 952px\"><img decoding=\"async\" loading=\"lazy\" class=\"wp-image-2794 size-full\" title=\"\u017byzna zosta\u0142a wyasfaltowana!\" src=\"http:\/\/warzecha.katowice.pl\/wp-content\/uploads\/2015\/07\/WP_20150630_16_45_35_Pro-Copy-1.jpg\" alt=\"\u017byzna zosta\u0142a wyasfaltowana!\" width=\"952\" height=\"815\" srcset=\"http:\/\/warzecha.katowice.pl\/wp-content\/uploads\/2015\/07\/WP_20150630_16_45_35_Pro-Copy-1.jpg 952w, http:\/\/warzecha.katowice.pl\/wp-content\/uploads\/2015\/07\/WP_20150630_16_45_35_Pro-Copy-1-300x257.jpg 300w\" sizes=\"(max-width: 952px) 100vw, 952px\" \/><p class=\"wp-caption-text\">\u017byzna zosta\u0142a wyasfaltowana!<\/p><\/div>\n<div id=\"attachment_2434\" class=\"wp-caption aligncenter\" style=\"width: 1080px\"><img decoding=\"async\" loading=\"lazy\" class=\"wp-image-2434 size-full\" title=\"\u017byzna zosta\u0142a wyasfaltowana!\" src=\"http:\/\/warzecha.katowice.pl\/wp-content\/uploads\/2015\/07\/WP_20150630_16_46_24_Pro.jpg\" alt=\"\u017byzna zosta\u0142a wyasfaltowana!\" width=\"1080\" height=\"1920\" \/><p class=\"wp-caption-text\">\u017byzna zosta\u0142a wyasfaltowana!<\/p><\/div>\n<div class=\"wp-caption aligncenter\" style=\"width: 1080px\"><img decoding=\"async\" loading=\"lazy\" title=\"\u017byzna zosta\u0142a wyasfaltowana!\" src=\"http:\/\/warzecha.katowice.pl\/wp-content\/uploads\/2015\/07\/WP_20150630_16_46_08_Pro.jpg\" alt=\"\u017byzna zosta\u0142a wyasfaltowana!\" width=\"1080\" height=\"1920\" \/><p class=\"wp-caption-text\">\u017byzna zosta\u0142a wyasfaltowana!<\/p><\/div>\n<p><strong>W pa\u017adzierniku mieszka\u0144cy D\u0105br\u00f3wki Ma\u0142ej napisali do mnie w sprawie ul. Pod M\u0142ynem:<\/strong><\/p>\n<p><em>Gdy spadnie ulewny deszcz<\/em> <em>ulica zamienia si\u0119 w rw\u0105c\u0105 rzek\u0119<\/em>: <em>problem tkwi m.in. w tym, \u017ce studzienki s\u0105 zatykane sp\u0142ywaj\u0105c\u0105 z ul. \u017byznej ziemi\u0105, kamykami itp., tworz\u0105cymi w czasie opad\u00f3w zamulaj\u0105cy nanos. Ulica \u017byzna ma charakter polnej drogi, zlokalizowanej na wzniesieniu i st\u0105d te problemy. N<em>a \u017cywio\u0142 nie ma rady, ale mo\u017ce znalaz\u0142aby si\u0119 rada na uporz\u0105dkowanie (asfalt? bruk?) ulicy \u017byznej, z kt\u00f3rej jest wyp\u0142ukiwana ziemia <\/em><\/em>(ca\u0142y wpis jest tutaj: <a href=\"http:\/\/warzecha.katowice.pl\/?p=2014\">http:\/\/warzecha.katowice.pl\/?p=2014<\/a>). Jako \u00f3wczesny radny tej dzielnicy wyst\u0105pi\u0142em z interpelacj\u0105 do prezydenta Katowic.<\/p>\n<p>Dzisiaj wygl\u0105da na to, \u017ce\u00a0ten problem zosta\u0142 rozwi\u0105zany. Jak wida\u0107 na zdj\u0119ciach ulica \u017byzna zyska\u0142a asfaltow\u0105 jezdni\u0119, a pobocze wysypano \u017cwirem.\u00a0Miejmy nadziej\u0119, \u017ce studzienki nie b\u0119d\u0105 si\u0119 ju\u017c zatyka\u0107, a Pod M\u0142ynem pozostanie ulic\u0105\u00a0i nie stanie si\u0119&#8230; rzek\u0105.<\/p>\n","protected":false},"excerpt":{"rendered":"<p>Ulica zyska\u0142a asfaltow\u0105 jezdni\u0119, a pobocze wysypano \u017cwirem. Miejmy nadziej\u0119, \u017ce studzienki nie b\u0119d\u0105 si\u0119 ju\u017c zatyka\u0107, a Pod M\u0142ynem pozostanie ulic\u0105 i nie stanie si\u0119&#8230; rzek\u0105<\/p>\n","protected":false},"author":1,"featured_media":0,"comment_status":"closed","ping_status":"open","sticky":false,"template":"","format":"standard","meta":{"om_disable_all_campaigns":false,"sharing_disabled":false,"spay_email":"","jetpack_publicize_message":""},"categories":[2,10,3],"tags":[36,114,115],"aioseo_notices":[],"jetpack_featured_media_url":"","jetpack_publicize_connections":[],"jetpack_shortlink":"https:\/\/wp.me\/paiuYs-D0","_links":{"self":[{"href":"http:\/\/warzecha.katowice.pl\/index.php?rest_route=\/wp\/v2\/posts\/2418"}],"collection":[{"href":"http:\/\/warzecha.katowice.pl\/index.php?rest_route=\/wp\/v2\/posts"}],"about":[{"href":"http:\/\/warzecha.katowice.pl\/index.php?rest_route=\/wp\/v2\/types\/post"}],"author":[{"embeddable":true,"href":"http:\/\/warzecha.katowice.pl\/index.php?rest_route=\/wp\/v2\/users\/1"}],"replies":[{"embeddable":true,"href":"http:\/\/warzecha.katowice.pl\/index.php?rest_route=%2Fwp%2Fv2%2Fcomments&post=2418"}],"version-history":[{"count":5,"href":"http:\/\/warzecha.katowice.pl\/index.php?rest_route=\/wp\/v2\/posts\/2418\/revisions"}],"predecessor-version":[{"id":2808,"href":"http:\/\/warzecha.katowice.pl\/index.php?rest_route=\/wp\/v2\/posts\/2418\/revisions\/2808"}],"wp:attachment":[{"href":"http:\/\/warzecha.katowice.pl\/index.php?rest_route=%2Fwp%2Fv2%2Fmedia&parent=2418"}],"wp:term":[{"taxonomy":"category","embeddable":true,"href":"http:\/\/warzecha.katowice.pl\/index.php?rest_route=%2Fwp%2Fv2%2Fcategories&post=2418"},{"taxonomy":"post_tag","embeddable":true,"href":"http:\/\/warzecha.katowice.pl\/index.php?rest_route=%2Fwp%2Fv2%2Ftags&post=2418"}],"curies":[{"name":"wp","href":"https:\/\/api.w.org\/{rel}","templated":true}]}}