{"id":1448,"date":"2013-11-27T16:41:45","date_gmt":"2013-11-27T15:41:45","guid":{"rendered":"http:\/\/warzecha.katowice.pl\/?p=1448"},"modified":"2013-11-27T17:45:17","modified_gmt":"2013-11-27T16:45:17","slug":"plan-miejscowy-do-poprawki-czyli-co-nieco-o-manewrach-politycznych-w-katowicach","status":"publish","type":"post","link":"http:\/\/warzecha.katowice.pl\/?p=1448","title":{"rendered":"Plan miejscowy do poprawki, czyli co nieco o manewrach politycznych w Katowicach"},"content":{"rendered":"<p><strong>Najbardziej emocjonuj\u0105cym momentem dzisiejszej sesji by\u0142o bez w\u0105tpienia g\u0142osowanie w sprawie uchwalenia planu miejscowego dla terenu po\u0142o\u017conego w urokliwej cz\u0119\u015bci Katowic &#8211; pomi\u0119dzy ulicami Wita Stwosza, G\u00f3rno\u015bl\u0105sk\u0105, Ko\u015bciuszki i Szeligiewicza. A w skr\u00f3cie: chodzi o korty przy ul. Astr\u00f3w i stadion AWF. Sprawa, jak na razie, nie zosta\u0142a rozstrzygni\u0119ta, a urz\u0119dnicy b\u0119d\u0105 musieli plan poprawi\u0107.<\/strong><\/p>\n<p>Sprawa jest dosy\u0107 zawi\u0142a, dlatego spr\u00f3buj\u0119 j\u0105 pokr\u00f3tce wyja\u015bni\u0107. Klub PO zdecydowa\u0142 dzisiaj opowiedzie\u0107 si\u0119 po stronie w\u0142a\u015bcicieli nieruchomo\u015bci (AWF i GC Investments), kt\u00f3re obj\u0119te s\u0105 planem. Naszym zdaniem, prawo w\u0142asno\u015bci\u00a0daje im\u00a0prawo decydowania o tym, w jaki spos\u00f3b maj\u0105 korzysta\u0107 ze swojego przecie\u017c maj\u0105tku: co mog\u0105 w tym miejscu wybudowa\u0107, albo wyburzy\u0107. W toku procedury planistycznej, osoby te zg\u0142osi\u0142y uwagi, kt\u00f3re wskazuj\u0105 na ewentualny zamiar przeznaczenia tych dzia\u0142ek na cele us\u0142ugowe, tzn. niekoniecznie zgodne z aktualnym stanem rzeczy. Co wi\u0119cej, zg\u0142oszone propozycje\u00a0s\u0105 zgodne z innym, wa\u017cnym aktem prawnym przyj\u0119tym przez Rad\u0119 Miasta, a mianowicie ze studium zagospodarowania przestrzennego. Projekt planu przedstawiony dzisiaj radzie, ma si\u0119 nijak, tak do jednego, jak i drugiego prawa.<\/p>\n<p>Inna wa\u017cna sprawa dotyczy zachowania historycznych kort\u00f3w, kt\u00f3ra zjednoczy\u0142a wiele os\u00f3b. Z pewno\u015bci\u0105 jest to miejsce dla wielu katowiczan\u00a0wa\u017cne.\u00a0Niemniej jednak, jak dot\u0105d, ani dzier\u017cawca terenu, ani stowarzyszenie, ani\u00a0urz\u0105d\u00a0nie chcia\u0142y podj\u0105\u0107 na w\u0142asny rachunek trudu i ryzyka prowadzenia w tym miejscu kort\u00f3w tenisowych z prawdziwego zdarzenia.\u00a0W ca\u0142ym cywilizowanym \u015bwiecie droga do tego celu jest taka sama: nale\u017cy kupi\u0107 ziemi\u0119 i w ni\u0105 zainwestowa\u0107. Tu si\u0119 tak nie sta\u0142o. Zamiast tego mamy pr\u00f3b\u0119 zmuszenia w\u0142a\u015bciciela do podj\u0119cia dzia\u0142alno\u015bci, kt\u00f3ra si\u0119 zwyczajnie &#8222;nie zepnie&#8221; i wp\u0119dzi\u0142aby go w straty. Zazwyczaj, kiedy w jakim\u015b mie\u015bcie (gminie) pojawi si\u0119 inwestor, urz\u0119dnicy robi\u0105 wszystko, aby zechcia\u0142 w\u0142a\u015bnie w ich gminie zostawi\u0107 pieni\u0105dze. \u015awietnie pokazuj\u0105 to np. spoty reklamowe Radzionkowa (zob.: <a href=\"http:\/\/youtu.be\/dp2y05Ew_7M\">http:\/\/youtu.be\/dp2y05Ew_7M<\/a>, <a href=\"http:\/\/youtu.be\/Xcmt6m-geLg\">http:\/\/youtu.be\/Xcmt6m-geLg<\/a>). W trudnej sytuacji gospodarczej, w kt\u00f3rej liczy si\u0119 ka\u017cde utworzone miejsce pracy, trudno mi poj\u0105\u0107 blokowanie jakichkolwiek zamierze\u0144 inwestycyjnych, tym bardziej je\u015bli s\u0105 to &#8222;firmy&#8221; tak uznane i\u00a0przecie\u017c rodzime!<\/p>\n<p>Wreszcie w\u0105tek polityczny. Dzisiejsza sesja pokaza\u0142a pr\u00f3b\u0119 przeniesienie odpowiedzialno\u015bci na pozostaj\u0105c\u0105 w mniejszo\u015bci, opozycyjn\u0105 PO. Przypomn\u0119, \u017ce wi\u0119kszo\u015b\u0107 w katowickiej Radzie Miasta ma koalicja Forum Samorz\u0105dowe i Piotr Uszok, PiS i SLD. Jest to wi\u0119kszo\u015b\u0107 wystarczaj\u0105ca do przeprowadzenia ka\u017cdej uchwa\u0142y. Zdolno\u015b\u0107 tak\u0105\u00a0potwierdzaj\u0105\u00a0m.in. zmiany personalne na stanowisku przewodnicz\u0105cego i wiceprzewodnicz\u0105cych rady, dokonane kilka miesi\u0119cy temu i wszystkie g\u0142osowanie dotycz\u0105ce uchwalenia, zmian i wykonania bud\u017cetu miasta, kt\u00f3re prezydent pewnie przecie\u017c wygrywa. Jednak\u00a0w tej konkretnej sytuacji wi\u0119kszo\u015b\u0107 radnych rz\u0105dz\u0105cej miastem koalicji nie zdecydowa\u0142a si\u0119 na jednoznaczne poparcie zg\u0142oszonego przez prezydenta projektu uchwa\u0142y. Celem tego dzia\u0142ania by\u0142o niew\u0105tpliwie wprowadzenie w b\u0142\u0105d opinii publicznej, co do rzeczywistych zamiar\u00f3w w\u0142adz miasta. Uwa\u017cam tak dlatego, poniewa\u017c gdyby chcieli utrzymania w tym miejscu kort\u00f3w i stadionu, to by to po prostu przeg\u0142osowali! Tymczasem radni FSiPU, PiS i SLD w zdecydowanej wi\u0119kszo\u015bci wstrzymali si\u0119 od g\u0142osu, licz\u0105c na to, \u017ce ryzyko zwi\u0105zane z decyzj\u0105 rady\u00a0w sprawie uchwalenia mpzp na tym obszarze i kontrowersje zwi\u0105zane z t\u0105 spraw\u0105 obci\u0105\u017c\u0105 opozycyjn\u0105 PO. Wynik g\u0142osowania pokaza\u0142, \u017ce\u00a0plan ten przepad\u0142 z kretesem, pomimo efektownych, ale\u00a0jednocze\u015bnie nieefektywnych prowokacji s\u0142ownych ze strony SLD.<\/p>\n<p>W tej sprawie kierowany przeze mnie klub\u00a0rozes\u0142a\u0142 ponadto do medi\u00f3w o\u015bwiadczenie, z kt\u00f3rym\u00a0mo\u017cecie si\u0119 Pa\u0144stwo zapozna\u0107 tutaj: <a href=\"http:\/\/warzecha.katowice.pl\/wp-content\/2013\/11\/O\u015bwiadczenie-klubu-PO-ws.-mpzp-Miko\u0142owska-Ko\u015bciuszki.pdf\">O\u015bwiadczenie klubu PO ws. mpzp Miko\u0142owska-Ko\u015bciuszki<\/a>\u00a0(PDF\u00a0212 KB)<\/p>\n","protected":false},"excerpt":{"rendered":"<p>Najbardziej emocjonuj\u0105cym momentem dzisiejszej sesji by\u0142o bez w\u0105tpienia g\u0142osowanie w sprawie uchwalenia planu miejscowego dla terenu po\u0142o\u017conego w urokliwej cz\u0119\u015bci Katowic &#8211; pomi\u0119dzy ulicami Wita Stwosza, G\u00f3rno\u015bl\u0105sk\u0105, Ko\u015bciuszki i Szeligiewicza. A w skr\u00f3cie: chodzi o korty przy ul. Astr\u00f3w i stadion AWF. Sprawa, jak na razie, nie zosta\u0142a rozstrzygni\u0119ta, a urz\u0119dnicy b\u0119d\u0105 musieli plan poprawi\u0107. [&hellip;]<\/p>\n","protected":false},"author":1,"featured_media":0,"comment_status":"open","ping_status":"open","sticky":false,"template":"","format":"standard","meta":{"om_disable_all_campaigns":false,"sharing_disabled":false,"spay_email":"","jetpack_publicize_message":""},"categories":[18,16,3,12],"tags":[],"aioseo_notices":[],"jetpack_featured_media_url":"","jetpack_publicize_connections":[],"jetpack_shortlink":"https:\/\/wp.me\/paiuYs-nm","_links":{"self":[{"href":"http:\/\/warzecha.katowice.pl\/index.php?rest_route=\/wp\/v2\/posts\/1448"}],"collection":[{"href":"http:\/\/warzecha.katowice.pl\/index.php?rest_route=\/wp\/v2\/posts"}],"about":[{"href":"http:\/\/warzecha.katowice.pl\/index.php?rest_route=\/wp\/v2\/types\/post"}],"author":[{"embeddable":true,"href":"http:\/\/warzecha.katowice.pl\/index.php?rest_route=\/wp\/v2\/users\/1"}],"replies":[{"embeddable":true,"href":"http:\/\/warzecha.katowice.pl\/index.php?rest_route=%2Fwp%2Fv2%2Fcomments&post=1448"}],"version-history":[{"count":0,"href":"http:\/\/warzecha.katowice.pl\/index.php?rest_route=\/wp\/v2\/posts\/1448\/revisions"}],"wp:attachment":[{"href":"http:\/\/warzecha.katowice.pl\/index.php?rest_route=%2Fwp%2Fv2%2Fmedia&parent=1448"}],"wp:term":[{"taxonomy":"category","embeddable":true,"href":"http:\/\/warzecha.katowice.pl\/index.php?rest_route=%2Fwp%2Fv2%2Fcategories&post=1448"},{"taxonomy":"post_tag","embeddable":true,"href":"http:\/\/warzecha.katowice.pl\/index.php?rest_route=%2Fwp%2Fv2%2Ftags&post=1448"}],"curies":[{"name":"wp","href":"https:\/\/api.w.org\/{rel}","templated":true}]}}