{"id":1427,"date":"2013-11-19T10:43:22","date_gmt":"2013-11-19T09:43:22","guid":{"rendered":"http:\/\/warzecha.katowice.pl\/?p=1427"},"modified":"2013-11-19T11:01:29","modified_gmt":"2013-11-19T10:01:29","slug":"wraca-sprawa-bezplatnych-przejazdow-dla-rodzin-wielodzietnych","status":"publish","type":"post","link":"http:\/\/warzecha.katowice.pl\/?p=1427","title":{"rendered":"Wraca sprawa bezp\u0142atnych przejazd\u00f3w dla rodzin wielodzietnych"},"content":{"rendered":"<p><strong>Po ponad sze\u015bciu latach wraca sprawa wprowadzenie bezp\u0142atnych przejazd\u00f3w komunikacj\u0105 miejsk\u0105 dla rodzin wielodzietnych<\/strong>.<\/p>\n<p>Po raz pierwszy zaj\u0105\u0142em si\u0119 ni\u0105 w styczniu 2007 roku na wniosek\u00a0mieszka\u0144c\u00f3w Katowic (<a href=\"http:\/\/warzecha.katowice.pl\/?p=139\">http:\/\/warzecha.katowice.pl\/?p=139<\/a>). Pisa\u0142em wtedy o tym, \u017ce miasto si\u0119 wyludnia i \u017ce za par\u0119 lat mo\u017ce by\u0107 nas w Katowicach mniej ni\u017c 300 tys. Nie przypuszcza\u0142em w\u00f3wczas, \u017ce stanie si\u0119 to tak szybko. W zwi\u0105zku z tym proponowa\u0142em wielokrotnie podejmowanie dzia\u0142a\u0144 wspieraj\u0105cych m.in. rodziny wielodzietne. W\u00f3wczas inicjatywa ta spotka\u0142a si\u0119 z odmow\u0105. Dosta\u0142em w tej sprawie a\u017c trzy pisma od odpowiedzialnego za te sprawy spo\u0142eczne wiceprezydenta Micha\u0142a Lutego (PiS). Odmow\u0119 argumentowa\u0142 g\u0142\u00f3wnie wysokimi kosztami.<\/p>\n<p>Dzisiaj sprawa ta wr\u00f3ci\u0142a. Napisa\u0142a o niej katowicka Gazeta Wyborcza (<a href=\"http:\/\/katowice.gazeta.pl\/katowice\/1,72739,14974556,Gdynia_dala_przyklad__teraz_Katowice__Bezplatna_komunikacja.html\">http:\/\/katowice.gazeta.pl\/katowice\/1,72739,14974556,Gdynia_dala_przyklad__teraz_Katowice__Bezplatna_komunikacja.html<\/a>). Mam nadziej\u0119, \u017ce tym razem uda si\u0119 wzorem innych, wielkich polskich metropolii wprowadzi\u0107 i u nas to rozwi\u0105zanie. Licz\u0119 te\u017c na to, \u017ce bezp\u0142atne przejazdy nie zostan\u0105, tak jak sze\u015b\u0107 lat temu, potraktowane jako obci\u0105\u017cenie dla bud\u017cetu, ale \u017ce stan\u0105\u00a0si\u0119 rzeczywist\u0105 forma wsparcia dla\u00a0katowickich rodzin.<\/p>\n","protected":false},"excerpt":{"rendered":"<p>Po ponad sze\u015bciu latach wraca sprawa wprowadzenie bezp\u0142atnych przejazd\u00f3w komunikacj\u0105 miejsk\u0105 dla rodzin wielodzietnych. Po raz pierwszy zaj\u0105\u0142em si\u0119 ni\u0105 w styczniu 2007 roku na wniosek\u00a0mieszka\u0144c\u00f3w Katowic (http:\/\/warzecha.katowice.pl\/?p=139). Pisa\u0142em wtedy o tym, \u017ce miasto si\u0119 wyludnia i \u017ce za par\u0119 lat mo\u017ce by\u0107 nas w Katowicach mniej ni\u017c 300 tys. Nie przypuszcza\u0142em w\u00f3wczas, \u017ce stanie [&hellip;]<\/p>\n","protected":false},"author":1,"featured_media":0,"comment_status":"open","ping_status":"open","sticky":false,"template":"","format":"standard","meta":{"om_disable_all_campaigns":false,"sharing_disabled":false,"spay_email":"","jetpack_publicize_message":""},"categories":[9,18,11],"tags":[],"aioseo_notices":[],"jetpack_featured_media_url":"","jetpack_publicize_connections":[],"jetpack_shortlink":"https:\/\/wp.me\/paiuYs-n1","_links":{"self":[{"href":"http:\/\/warzecha.katowice.pl\/index.php?rest_route=\/wp\/v2\/posts\/1427"}],"collection":[{"href":"http:\/\/warzecha.katowice.pl\/index.php?rest_route=\/wp\/v2\/posts"}],"about":[{"href":"http:\/\/warzecha.katowice.pl\/index.php?rest_route=\/wp\/v2\/types\/post"}],"author":[{"embeddable":true,"href":"http:\/\/warzecha.katowice.pl\/index.php?rest_route=\/wp\/v2\/users\/1"}],"replies":[{"embeddable":true,"href":"http:\/\/warzecha.katowice.pl\/index.php?rest_route=%2Fwp%2Fv2%2Fcomments&post=1427"}],"version-history":[{"count":0,"href":"http:\/\/warzecha.katowice.pl\/index.php?rest_route=\/wp\/v2\/posts\/1427\/revisions"}],"wp:attachment":[{"href":"http:\/\/warzecha.katowice.pl\/index.php?rest_route=%2Fwp%2Fv2%2Fmedia&parent=1427"}],"wp:term":[{"taxonomy":"category","embeddable":true,"href":"http:\/\/warzecha.katowice.pl\/index.php?rest_route=%2Fwp%2Fv2%2Fcategories&post=1427"},{"taxonomy":"post_tag","embeddable":true,"href":"http:\/\/warzecha.katowice.pl\/index.php?rest_route=%2Fwp%2Fv2%2Ftags&post=1427"}],"curies":[{"name":"wp","href":"https:\/\/api.w.org\/{rel}","templated":true}]}}