{"id":140,"date":"2007-01-30T23:14:10","date_gmt":"2007-01-30T22:14:10","guid":{"rendered":"http:\/\/warzecha.katowice.pl\/?p=140"},"modified":"2016-06-09T12:04:47","modified_gmt":"2016-06-09T10:04:47","slug":"kiedy-ruszy-przebudowa-ul-wiosny-ludow-w-szopienicach","status":"publish","type":"post","link":"http:\/\/warzecha.katowice.pl\/?p=140","title":{"rendered":"Kiedy ruszy przebudowa ul. Wiosny Lud\u00f3w?"},"content":{"rendered":"<div id=\"attachment_2766\" class=\"wp-caption aligncenter\" style=\"width: 704px\"><a href=\"http:\/\/commons.wikimedia.org\/wiki\/Image:Katowice-Szopienice-Burowiec.png\" target=\"_blank\"><img decoding=\"async\" loading=\"lazy\" class=\"wp-image-2766 size-full\" title=\"Katowice-Szopienice-Burowiec. \u0179r\u00f3d\u0142o: Wikimedia.org\" src=\"http:\/\/warzecha.katowice.pl\/wp-content\/uploads\/2007\/01\/Katowice-Szopienice-Burowiec-1.png\" alt=\"Katowice-Szopienice-Burowiec. \u0179r\u00f3d\u0142o: Wikimedia.org\" width=\"704\" height=\"791\" srcset=\"http:\/\/warzecha.katowice.pl\/wp-content\/uploads\/2007\/01\/Katowice-Szopienice-Burowiec-1.png 704w, http:\/\/warzecha.katowice.pl\/wp-content\/uploads\/2007\/01\/Katowice-Szopienice-Burowiec-1-267x300.png 267w\" sizes=\"(max-width: 704px) 100vw, 704px\" \/><\/a><p class=\"wp-caption-text\">Katowice-Szopienice-Burowiec. \u0179r\u00f3d\u0142o: Wikimedia.org<\/p><\/div>\n<p>&nbsp;<\/p>\n<p><strong>Na zaproszenie Przewodnicz\u0105cego Rady Jednostki Pomocniczej pana Marka Wolfa wzi\u0105\u0142em udzia\u0142 w posiedzeniu Rady Jednostki Pomocniczej Miasta Katowice nr 15 Szopienice-Burowiec.<\/strong><\/p>\n<p>W trakcie obrad prezentowano m.in. bud\u017cet miasta Katowice na rok 2007 ze szczeg\u00f3lnym uwzgl\u0119dnieniem inwestycji i wydatk\u00f3w dotycz\u0105cych Szopienic i Burowca. Dyskusj\u0119 zdominowa\u0142 jednak temat konieczno\u015bci przebudowy ulicy Wiosny Lud\u00f3w, kt\u00f3ra nale\u017cy do jednych z najniebezpieczniejszych ulic w dzielnicy stanowi\u0105c jednocze\u015bnie jedn\u0105 z g\u0142\u00f3wnych osi komunikacyjnych dochodz\u0105cych do szopienickiego rynku od strony wschodniej.<\/p>\n<p>Zaprezentowano propozycj\u0119 rozwi\u0105za\u0144 w zakresie poprawy bezpiecze\u0144stwa na ul. Wiosny Lud\u00f3w i placu Powsta\u0144c\u00f3w \u015al\u0105skich i ograniczenia ruchu na ul. Obro\u0144c\u00f3w Westerplatte opracowan\u0105 przez Katowickie Przedsi\u0119biorstwo In\u017cynierskie &#8222;System&#8221;.\u00a0Radni dzielnicy podj\u0119li uchwa\u0142\u0119 ws. wyboru trzeciego z wariant\u00f3w przebudowy uk\u0142adu komunikacyjnego centrum Szopienic (1,9 mln z\u0142) i zaproponowali jednocze\u015bnie\u00a0przesuni\u0119cie kwoty\u00a0700 tys.\u00a0z\u0142 zaplanowanej w bud\u017cecie miasta na rozbudow\u0119 ul. Wo\u017aniaka na ten w\u0142a\u015bnie cel. W trakcie dyskusji zebrani wskazywali na fakt, i\u017c ul. Wiosny Lud\u00f3w stanowi\u0105c jedn\u0105 z g\u0142\u00f3wnych arterii komunikacyjnych dzielnicy wymaga pilniejszej przebudowy ni\u017c ma\u0142o znacz\u0105ca dla komunikacji ul. Wo\u017aniaka.\u00a0Przeprowadzone analizy wykaza\u0142y, \u017ce\u00a0na Placu Powsta\u0144c\u00f3w \u015al\u0105skich znajduje si\u0119 a\u017c 18 niebezpiecznych dla ludzkiego zdrowia i \u017cycia punkt\u00f3w wypadkowych.<\/p>\n<p>Przebudowa\u00a0ulicy Wo\u017aniaka ma z kolei otworzy\u0107 mo\u017cliwo\u015bci inwestycyjne w Szopienicach i wp\u0142yn\u0105\u0107 na powstanie w dzielnicy nowych miejsc pracy. Wobec wysokiego bezrobocia we wschodnich dzielnicach miasta trudno nie zgodzi\u0107 si\u0119 z tak\u0105 argumentacj\u0105. Nasze miasto niew\u0105tpliwie wymaga nowych innowacyjnych inwestycji. Z drugiej jednak strony mamy do czynienia z obawami i l\u0119kiem mieszka\u0144c\u00f3w o ich zdrowie i \u017cycie. W \u015bcis\u0142ym centrum Szopienic cz\u0119sto dochodzi\u00a0do wypadk\u00f3w, niestety tak\u017ce \u015bmiertelnych. Nie godz\u0119 si\u0119 z alternatyw\u0105: albo\u00a0\u017cycie i zdrowie &#8211;\u00a0albo praca, dlatego b\u0119d\u0119 proponowa\u0142\u00a0realizacj\u0119 obu tych przedsi\u0119wzi\u0119\u0107.<\/p>\n<p>B\u0119d\u0119 zatem popiera\u0142 inicjatyw\u0119 szopienickich radnych zmierzaj\u0105c\u0105 do uj\u0119cia przebudowy uk\u0142adu komunikacyjnego Szopienic w Wieloletnim Planie Inwestycyjnym i bud\u017cecie miasta, a tak\u017ce te dzia\u0142ania, kt\u00f3re spowoduj\u0105 powstanie\u00a0w dzielnicy nowych miejsc\u00a0pracy.<\/p>\n","protected":false},"excerpt":{"rendered":"<p>Ulica nale\u017cy do jednych z najniebezpieczniejszych w Szopienicach.<\/p>\n","protected":false},"author":1,"featured_media":0,"comment_status":"closed","ping_status":"open","sticky":false,"template":"","format":"standard","meta":{"om_disable_all_campaigns":false,"sharing_disabled":false,"spay_email":"","jetpack_publicize_message":""},"categories":[5,6,2,10,9,18,16,3],"tags":[],"aioseo_notices":[],"jetpack_featured_media_url":"","jetpack_publicize_connections":[],"jetpack_shortlink":"https:\/\/wp.me\/paiuYs-2g","_links":{"self":[{"href":"http:\/\/warzecha.katowice.pl\/index.php?rest_route=\/wp\/v2\/posts\/140"}],"collection":[{"href":"http:\/\/warzecha.katowice.pl\/index.php?rest_route=\/wp\/v2\/posts"}],"about":[{"href":"http:\/\/warzecha.katowice.pl\/index.php?rest_route=\/wp\/v2\/types\/post"}],"author":[{"embeddable":true,"href":"http:\/\/warzecha.katowice.pl\/index.php?rest_route=\/wp\/v2\/users\/1"}],"replies":[{"embeddable":true,"href":"http:\/\/warzecha.katowice.pl\/index.php?rest_route=%2Fwp%2Fv2%2Fcomments&post=140"}],"version-history":[{"count":2,"href":"http:\/\/warzecha.katowice.pl\/index.php?rest_route=\/wp\/v2\/posts\/140\/revisions"}],"predecessor-version":[{"id":2798,"href":"http:\/\/warzecha.katowice.pl\/index.php?rest_route=\/wp\/v2\/posts\/140\/revisions\/2798"}],"wp:attachment":[{"href":"http:\/\/warzecha.katowice.pl\/index.php?rest_route=%2Fwp%2Fv2%2Fmedia&parent=140"}],"wp:term":[{"taxonomy":"category","embeddable":true,"href":"http:\/\/warzecha.katowice.pl\/index.php?rest_route=%2Fwp%2Fv2%2Fcategories&post=140"},{"taxonomy":"post_tag","embeddable":true,"href":"http:\/\/warzecha.katowice.pl\/index.php?rest_route=%2Fwp%2Fv2%2Ftags&post=140"}],"curies":[{"name":"wp","href":"https:\/\/api.w.org\/{rel}","templated":true}]}}