{"id":1395,"date":"2013-09-11T18:33:24","date_gmt":"2013-09-11T16:33:24","guid":{"rendered":"http:\/\/warzecha.katowice.pl\/?p=1395"},"modified":"2013-09-11T18:59:06","modified_gmt":"2013-09-11T16:59:06","slug":"rada-miasta-katowice-poparla-stworzenie-silnej-telewizji-regionalnej","status":"publish","type":"post","link":"http:\/\/warzecha.katowice.pl\/?p=1395","title":{"rendered":"Rada Miasta Katowice popar\u0142a stworzenie silnej telewizji regionalnej"},"content":{"rendered":"<p><strong>W dniu dzisiejszym Rada Miasta Katowice jednog\u0142o\u015bnie przeg\u0142osowa\u0142a\u00a0przygotowane przeze mnie o\u015bwiadczenie dotycz\u0105ce nowej ram\u00f3wki Telewizji Katowice. Tym samym\u00a0popar\u0142a stanowisko Rady Programowej Telewizji Katowice, kt\u00f3ra w sierpniu zwr\u00f3ci\u0142a si\u0119 do w\u0142adz TVP z wnioskiem o wi\u0119ksze udost\u0119pnienia kana\u0142u na multipleksie cyfrowym. Poni\u017cej podaj\u0119 jego tre\u015b\u0107.<\/strong><\/p>\n<p><em>Rada Miasta Katowice wyra\u017ca poparcie dla stanowiska Rady Programowej TVP SA Oddzia\u0142 w Katowicach z dnia 1 sierpnia 2013 r., w sprawie odst\u0105pienia od realizacji za\u0142o\u017ce\u0144 programu ramowego telewizji regionalnej.<\/em><\/p>\n<p><em>Podzielamy pogl\u0105d, \u017ce zapowiadane poszatkowanie ram\u00f3wki i wydzielenie w niej w\u0105skich okienek, w kt\u00f3rych mia\u0142by by\u0107 nadawany program tworzony przez o\u015brodki regionalne TVP, niweczy szanse na zbudowanie autentycznie publicznej telewizji regionalnej zwi\u0105zanej z lokalnymi spo\u0142eczno\u015bciami, zdolnej do odpowiedzi na jej potrzeby, a tak\u017ce bior\u0105cej czynny udzia\u0142 w podejmowanych przez nie wyzwaniach.<\/em><\/p>\n<p><em>Szanse powodzenia tego zamierzenia upatrujemy zar\u00f3wno w post\u0119puj\u0105cym procesie cyfryzacji rozsiewczej telewizji naziemnej, w sprawdzonych przed laty do\u015bwiadczeniach programu regionalnego, a przede wszystkim w potencjale cywilizacyjnym jednego z najwi\u0119kszych polskich wojew\u00f3dztw, kt\u00f3rego stolic\u0105 s\u0105 Katowice.<\/em><\/p>\n<p><em>W zwi\u0105zku z tym, popieraj\u0105c stanowisko Rady Programowej TVP SA Oddzia\u0142 w Katowicach, domagamy si\u0119 od w\u0142adz TVP SA odst\u0105pienia od realizacji wskazanych za\u0142o\u017ce\u0144 i jednocze\u015bnie stworzenie ram organizacyjnych i finansowych, kt\u00f3re pozwoli\u0142yby o\u015brodkom regionalnym na realizacj\u0119 i nadawanie na w\u0142asnych antenach kilkunastogodzinnego programu w\u0142asnego.<\/em><\/p>\n<p><a href=\"http:\/\/warzecha.katowice.pl\/wp-content\/2013\/09\/1377587739.pdf\">Druk sesyjny DS-202\/13 z pe\u0142n\u0105 tre\u015bci\u0105 o\u015bwiadczenia Rady Miasta Katowice<\/a>\u00a0(PDF 605 KB)<\/p>\n","protected":false},"excerpt":{"rendered":"<p>W dniu dzisiejszym Rada Miasta Katowice jednog\u0142o\u015bnie przeg\u0142osowa\u0142a\u00a0przygotowane przeze mnie o\u015bwiadczenie dotycz\u0105ce nowej ram\u00f3wki Telewizji Katowice. Tym samym\u00a0popar\u0142a stanowisko Rady Programowej Telewizji Katowice, kt\u00f3ra w sierpniu zwr\u00f3ci\u0142a si\u0119 do w\u0142adz TVP z wnioskiem o wi\u0119ksze udost\u0119pnienia kana\u0142u na multipleksie cyfrowym. Poni\u017cej podaj\u0119 jego tre\u015b\u0107. Rada Miasta Katowice wyra\u017ca poparcie dla stanowiska Rady Programowej TVP SA [&hellip;]<\/p>\n","protected":false},"author":1,"featured_media":0,"comment_status":"open","ping_status":"open","sticky":false,"template":"","format":"standard","meta":{"om_disable_all_campaigns":false,"sharing_disabled":false,"spay_email":"","jetpack_publicize_message":""},"categories":[14,3],"tags":[],"aioseo_notices":[],"jetpack_featured_media_url":"","jetpack_publicize_connections":[],"jetpack_shortlink":"https:\/\/wp.me\/paiuYs-mv","_links":{"self":[{"href":"http:\/\/warzecha.katowice.pl\/index.php?rest_route=\/wp\/v2\/posts\/1395"}],"collection":[{"href":"http:\/\/warzecha.katowice.pl\/index.php?rest_route=\/wp\/v2\/posts"}],"about":[{"href":"http:\/\/warzecha.katowice.pl\/index.php?rest_route=\/wp\/v2\/types\/post"}],"author":[{"embeddable":true,"href":"http:\/\/warzecha.katowice.pl\/index.php?rest_route=\/wp\/v2\/users\/1"}],"replies":[{"embeddable":true,"href":"http:\/\/warzecha.katowice.pl\/index.php?rest_route=%2Fwp%2Fv2%2Fcomments&post=1395"}],"version-history":[{"count":0,"href":"http:\/\/warzecha.katowice.pl\/index.php?rest_route=\/wp\/v2\/posts\/1395\/revisions"}],"wp:attachment":[{"href":"http:\/\/warzecha.katowice.pl\/index.php?rest_route=%2Fwp%2Fv2%2Fmedia&parent=1395"}],"wp:term":[{"taxonomy":"category","embeddable":true,"href":"http:\/\/warzecha.katowice.pl\/index.php?rest_route=%2Fwp%2Fv2%2Fcategories&post=1395"},{"taxonomy":"post_tag","embeddable":true,"href":"http:\/\/warzecha.katowice.pl\/index.php?rest_route=%2Fwp%2Fv2%2Ftags&post=1395"}],"curies":[{"name":"wp","href":"https:\/\/api.w.org\/{rel}","templated":true}]}}