{"id":1362,"date":"2013-03-18T16:19:52","date_gmt":"2013-03-18T15:19:52","guid":{"rendered":"http:\/\/warzecha.katowice.pl\/?p=1362"},"modified":"2013-03-18T16:25:50","modified_gmt":"2013-03-18T15:25:50","slug":"oswiadczenie-klubu-radnych-po-rp-w-sprawie-finansowania-zlobkow","status":"publish","type":"post","link":"http:\/\/warzecha.katowice.pl\/?p=1362","title":{"rendered":"O\u015bwiadczenie klubu radnych PO w sprawie finansowania \u017c\u0142obk\u00f3w w Katowicach"},"content":{"rendered":"<p><strong>Klub Radnych Platformy Obywatelskiej RP w Radzie Miasta Katowice wyra\u017ca stanowczy protest przeciwko wprowadzeniu w b\u0142\u0105d opinii publicznej w zwi\u0105zku z programem dofinansowania koszt\u00f3w pobytu w niepublicznych \u017c\u0142obkach na terenie Katowic.\u00a0<\/strong><\/p>\n<p>Rada Miasta Katowice na sesji Rady w dniu 19 grudnia 2012 podj\u0119\u0142a uchwa\u0142\u0119 w sprawie okre\u015blenia wysoko\u015bci i zasad ustalania dotacji celowej dla podmiot\u00f3w prowadz\u0105cych \u017c\u0142obki na terenie miasta Katowice (<a title=\"http:\/\/bip.um.katowice.pl\/dokumenty\/2012\/12\/28\/1356681917.pdf\" href=\"http:\/\/bip.um.katowice.pl\/dokumenty\/2012\/12\/28\/1356681917.pdf\" target=\"_blank\">http:\/\/bip.um.katowice.pl\/dokumenty\/2012\/12\/28\/1356681917.pdf<\/a>). Uchwa\u0142a ta zosta\u0142a przygotowana przez Urz\u0105d Miasta pod presj\u0105 powstaj\u0105cego r\u00f3wnolegle projektu w tej samej sprawie autorstwa radnych PO. Intencj\u0105 radnych PO by\u0142o stworzenie realnego mechanizmu wsparcia dla katowickich rodzin decyduj\u0105cych si\u0119 na powierzenie swojego dziecka opiece podmiotu prowadz\u0105cego niepubliczny \u017c\u0142obek &#8211; w sytuacji, w kt\u00f3rej do miejskiego \u017c\u0142obka w Katowicach mo\u017ce trafi\u0107 zaledwie co dziesi\u0105te dziecko. Wi\u0119kszo\u015b\u0107 cz\u0142onk\u00f3w Rady Miasta, ponad politycznymi podzia\u0142ami, przyj\u0119\u0142a nasz\u0105 argumentacj\u0119, dzi\u0119ki czemu pierwotnie zaproponowana przez urz\u0105d niewystarczaj\u0105ca i \u017cenuj\u0105co niska kwota miesi\u0119cznej dop\u0142aty w wysoko\u015bci 200 z\u0142 zosta\u0142a zwi\u0119kszona do 600 z\u0142. Tym samym stworzony zosta\u0142 przez Rad\u0119 Miasta Katowice wa\u017cny element polityki prorodzinnej, likwiduj\u0105cy dramatyczny wyb\u00f3r, przed kt\u00f3rym staje dzisiaj wiele katowickich rodzin &#8211; albo rezygnacja z pracy jednego z rodzic\u00f3w, albo \u017c\u0142obek dla dziecka.<\/p>\n<p>Godne podkre\u015blenia jest te\u017c i to, \u017ce przedmiotowa uchwa\u0142a zosta\u0142a pozytywnie oceniona przez s\u0142u\u017cby nadzoru prawnego Wojewody \u015al\u0105skiego, kt\u00f3ry opublikowa\u0142 j\u0105 w Dzienniku Urz\u0119dowym Wojew\u00f3dztwa \u015al\u0105skiego i tym samym od 5 lutego 2013 stanowi ona akt prawa miejscowego, a uprawnione podmioty mog\u0105 korzysta\u0107 z jej dobrodziejstw (<a title=\"http:\/\/dzienniki.slask.eu\/WDU_S\/2013\/759\/akt.pdf\" href=\"http:\/\/dzienniki.slask.eu\/WDU_S\/2013\/759\/akt.pdf\" target=\"_blank\">http:\/\/dzienniki.slask.eu\/WDU_S\/2013\/759\/akt.pdf<\/a>). Uchwa\u0142y nie zakwestionowa\u0142a r\u00f3wnie\u017c Regionalna Izba Obrachunkowa. Pomimo to, katowicki Urz\u0105d przygotowa\u0142, kolejny, niekorzystny dla katowickich rodzin, projekt uchwa\u0142y w tej sprawie, kt\u00f3ry znacznie zmniejsza kwot\u0119 mo\u017cliwego do uzyskania dofinansowania. W jego uzasadnieniu podano niezgodn\u0105 z prawd\u0105 informacj\u0119, \u017ce obowi\u0105zuj\u0105cy akt prawa miejscowego ma wady spowodowane przez poprawki klubu radnych PO RP i w zwi\u0105zku z tym urz\u0105d nie mo\u017ce go zrealizowa\u0107. Ta sama niezgodna z prawd\u0105 informacja podawana jest osobom, kt\u00f3rym urz\u0105d odmawia udzielenia dotacji.<\/p>\n<p>Nie mo\u017cemy si\u0119 zgodzi\u0107 na dzia\u0142ania pozostaj\u0105ce w sprzeczno\u015bci ze spo\u0142ecznymi oczekiwaniami, stanem faktycznym, a tak\u017ce z obowi\u0105zuj\u0105cym prawem. Bezprecedensowe jest r\u00f3wnie\u017c, w zwi\u0105zku z t\u0105 spraw\u0105, upolitycznienie dzia\u0142a\u0144 Urz\u0119du Miasta, kt\u00f3ry wykonywanie (b\u0105d\u017a nie) danej uchwa\u0142y uzale\u017cnia od tego, kto jest jej autorem. W tej sytuacji wzywamy Prezydenta Piotra Uszoka do natychmiastowego powstrzymania podleg\u0142ych mu urz\u0119dnik\u00f3w od tych nagannych praktyk, wycofania niekorzystnego dla mieszka\u0144c\u00f3w Katowic projektu i wyp\u0142acania dofinansowania dla katowickich dzieci zgodnie ze wskazan\u0105 uchwa\u0142\u0105.<\/p>\n<p>Katowice, 18 marca 2013<\/p>\n<p>Adam Warzecha<br \/>\nPrzewodnicz\u0105cy Klubu Radnych PO RP<br \/>\nw Radzie Miasta Katowice<\/p>\n","protected":false},"excerpt":{"rendered":"<p>Klub Radnych Platformy Obywatelskiej RP w Radzie Miasta Katowice wyra\u017ca stanowczy protest przeciwko wprowadzeniu w b\u0142\u0105d opinii publicznej w zwi\u0105zku z programem dofinansowania koszt\u00f3w pobytu w niepublicznych \u017c\u0142obkach na terenie Katowic.\u00a0 Rada Miasta Katowice na sesji Rady w dniu 19 grudnia 2012 podj\u0119\u0142a uchwa\u0142\u0119 w sprawie okre\u015blenia wysoko\u015bci i zasad ustalania dotacji celowej dla podmiot\u00f3w [&hellip;]<\/p>\n","protected":false},"author":1,"featured_media":0,"comment_status":"open","ping_status":"open","sticky":false,"template":"","format":"standard","meta":{"om_disable_all_campaigns":false,"sharing_disabled":false,"spay_email":"","jetpack_publicize_message":""},"categories":[6,18,11,3],"tags":[],"aioseo_notices":[],"jetpack_featured_media_url":"","jetpack_publicize_connections":[],"jetpack_shortlink":"https:\/\/wp.me\/paiuYs-lY","_links":{"self":[{"href":"http:\/\/warzecha.katowice.pl\/index.php?rest_route=\/wp\/v2\/posts\/1362"}],"collection":[{"href":"http:\/\/warzecha.katowice.pl\/index.php?rest_route=\/wp\/v2\/posts"}],"about":[{"href":"http:\/\/warzecha.katowice.pl\/index.php?rest_route=\/wp\/v2\/types\/post"}],"author":[{"embeddable":true,"href":"http:\/\/warzecha.katowice.pl\/index.php?rest_route=\/wp\/v2\/users\/1"}],"replies":[{"embeddable":true,"href":"http:\/\/warzecha.katowice.pl\/index.php?rest_route=%2Fwp%2Fv2%2Fcomments&post=1362"}],"version-history":[{"count":0,"href":"http:\/\/warzecha.katowice.pl\/index.php?rest_route=\/wp\/v2\/posts\/1362\/revisions"}],"wp:attachment":[{"href":"http:\/\/warzecha.katowice.pl\/index.php?rest_route=%2Fwp%2Fv2%2Fmedia&parent=1362"}],"wp:term":[{"taxonomy":"category","embeddable":true,"href":"http:\/\/warzecha.katowice.pl\/index.php?rest_route=%2Fwp%2Fv2%2Fcategories&post=1362"},{"taxonomy":"post_tag","embeddable":true,"href":"http:\/\/warzecha.katowice.pl\/index.php?rest_route=%2Fwp%2Fv2%2Ftags&post=1362"}],"curies":[{"name":"wp","href":"https:\/\/api.w.org\/{rel}","templated":true}]}}