{"id":1191,"date":"2012-02-27T18:18:01","date_gmt":"2012-02-27T17:18:01","guid":{"rendered":"http:\/\/warzecha.katowice.pl\/?p=1191"},"modified":"2012-02-27T21:48:13","modified_gmt":"2012-02-27T20:48:13","slug":"interpelacje-pisma-wnioski","status":"publish","type":"post","link":"http:\/\/warzecha.katowice.pl\/?p=1191","title":{"rendered":"Interpelacje, pisma, wnioski&#8230;"},"content":{"rendered":"<p><strong>Dzisiaj przedstawi\u0119 niekt\u00f3re z pism, kt\u00f3re dosta\u0142em w odpowiedzi na Pa\u0144stwa interwencje przekazywane\u00a0podczas dy\u017cur\u00f3w, a tak\u017ce mailem i telefonicznie.<\/strong><\/p>\n<p>W pa\u017adzierniku, wraz z kol. kol. Magd\u0105 Wieczorek i Witkiem Witkowiczem pisali\u015bmy o potrzebie utworzenia specjalnego serwisu lub chocia\u017c podstrony, na kt\u00f3rej urz\u0105d informowa\u0142by mieszka\u0144c\u00f3w o dost\u0119pnych dla nich programach dotacyjnych m.in. w zakresie modernizacji ogrzewania, ulg na remont kamienicy czy stypendi\u00f3w dla m\u0142odzie\u017cy. W trakcie analizy sprawozda\u0144 sk\u0142adanych przez\u00a0poszczeg\u00f3lne kom\u00f3rki organizacyjne\u00a0i jednostki urz\u0119du, a tak\u017ce w wyniku kontroli niekt\u00f3rych z nich,\u00a0stwierdzili\u015bmy niezwykle niski odsetek mieszka\u0144c\u00f3w korzystaj\u0105cych z tych program\u00f3w. Naszym zdaniem \u015bwiadczy to o tym, \u017ce urz\u0105d nie radzi sobie z informowaniem\u00a0o tych mo\u017cliwo\u015bciach. W udzielonej odpowiedzi Pan Prezydent stwierdzi\u0142, \u017ce\u00a0informacja tego\u00a0rodzaju\u00a0znajduje si\u0119\u00a0na stronie\u00a0urz\u0119du\u00a0a &#8222;dyskusyjna pozostaje tylko kwestia skutecznego dotarcia przekazu do adresat\u00f3w&#8221;. Przyzna\u0142, \u017ce wprowadzenie podstrony jest pomys\u0142em godnym rozwa\u017cenia, ze wzgl\u0119du na &#8222;rozproszenie informacyjne, kt\u00f3re utrudnia pe\u0142ne korzystanie z naszego portalu miejskiego&#8221;, a &#8222;problem zostanie przeanalizowany przez odpowiednie wydzia\u0142y Urz\u0119du&#8221;. No c\u00f3\u017c, pozostaje nam w takim razie czeka\u0107 na wyniki tych analiz.<\/p>\n<p>W drugiej opisywanej dzisiaj sprawie mam dobr\u0105 wiadomo\u015b\u0107. Od kilku lat mieszka\u0144cy ul. Styczniowej i Strzelc\u00f3w Bytomskich w D\u0105br\u00f3wce Ma\u0142ej monituj\u0105 o budow\u0119 kanalizacji sanitarnej. Te\u017c ju\u017c kilka razy o to w poprzednich latach dopytywa\u0142em. W listopadzie, ponaglony po raz kolejny przez mieszka\u0144c\u00f3w, postanowi\u0142em o tym napisa\u0107.\u00a0Na Miko\u0142aja D\u0105br\u00f3wka dosta\u0142a prezent: &#8222;uprzejmie informuj\u0119, ze zgodnie z informacjami przekazanymi przez Katowick\u0105 Infrastruktur\u0119 Wodoci\u0105gowo-Kanalizacyjn\u0105 Sp. z o. o. budowa kanalizacji w ulicy Styczniowej i Strzelcow Bytomskich w dzielnicy D\u0105br\u00f3wka Ma\u0142a zosta\u0142a rozpocz\u0119ta. W drodze przetargu wybrano wykonawc\u0119, kt\u00f3rym jest firma SKANSKA S.A. Planowany termin zako\u0144czenia kontraktu to IV kwartal 2012 roku&#8221;. S\u0105dz\u0105c z tempa udzielenia odpowiedzi, sta\u0142o si\u0119 to nie\u00a0w wyniku tego jednego\u00a0mojego e-maila. Moja mo\u017ce by\u0107 w cz\u0119\u015bci tylko satysfakcja pos\u0142a\u0144ca przekazuj\u0105cego t\u0119 dobr\u0105 nowin\u0119.<\/p>\n<p>Dosta\u0142em ju\u017c odpowied\u017a na styczniow\u0105 interpelacj\u0119 dotycz\u0105c\u0105 po\u0142\u0105czenia Gimnazjum nr 21 i 7 Liceum Og\u00f3lnoszta\u0142c\u0105cego w Ligocie. No c\u00f3\u017c, obawy rodzic\u00f3w i nauczycieli, z kt\u00f3rymi rozmawia\u0142em\u00a0si\u0119 potwierdzaja. Podawane przyczyny tego zamiaru s\u0105 podobne, jak w innych miastach: &#8222;poprawa sposobu zarz\u0105dzania tymi szko\u0142ami, racjonalne wykorzystanie pomieszcze\u0144 szkolnych i malej\u0105ca liczba uczni\u00f3w w tych szko\u0142ach&#8221;. Wiceprezydent Krystyna Siejna deklaruje, \u017ce zmiany te pogorsz\u0105 &#8222;warunkow nauki zar\u00f3wno uczni\u00f3w gimnazjum jak i liceum&#8221;, a nauka ma by\u0107 kontynuowana\u00a0&#8222;w dotychczasowych zespo\u0142ach uczniowskich i nauczycielskich&#8221;.\u00a0W ostatnim zdaniu\u00a0wzmianka, \u017ce &#8222;aktualnie trwaj\u0105 prace nad tworzeniem projektu stosownej uchwa\u0142y&#8221;. Czekam na Pa\u0144stwa opinie: G7 i LO7 nale\u017cy po\u0142\u0105czy\u0107 czy zostawi\u0107 w spokoju?\u00a0Jakie s\u0105 za i przeciw? Piszcie i\u00a0dzwo\u0144cie.<\/p>\n<p>Na zako\u0144czenie, co\u015b nieco l\u017cejszego.\u00a0W odpowiedzi\u00a0na listopadow\u0105 wideointerpelacj\u0119 &#8222;Jak si\u0119 maluje pasy w Katowicach?&#8221;\u00a0 (<a href=\"http:\/\/www.youtube.com\/watch?v=UUZiXz6PYBw\">http:\/\/www.youtube.com\/watch?v=UUZiXz6PYBw<\/a>) dosta\u0142em odpowied\u017c &#8211; niestety tylko pisemn\u0105.\u00a0Dowiedzia\u0142em si\u0119\u00a0z niej,\u00a0\u017ce nagranie zostalo wykonane &#8222;w warunkach pogodowych, w kt\u00f3rych okres schni\u0119cia farby jest bardzo wyd\u0142u\u017cony. W przedstawionym nagraniu przeje\u017cd\u017caj\u0105cy pojazd nie zostawi\u0142 podw\u00f3jjnych \u015blad\u00f3w, co \u015bwiadczy o tym, ze w jednym miejscu farba nie zd\u0105\u017cy\u0142a jeszcze wyschn\u0105\u0107, mimo odczekania odpowiedniego czasu&#8221;. No to wszystko jasne. No i jeszcze jedno &#8222;pracownicy MZUiM zostali zapoznani z przedmiotowym filmem, jako materia\u0142em szkoleniowo-pogl\u0105dowym&#8221;.\u00a0Chi\u0144czycy pono\u0107 powiedzieli, \u017ce &#8222;jeden obraz wart jest tysi\u0105ca s\u0142\u00f3w&#8221;. No c\u00f3\u017c, mo\u017ce lepiej zacz\u0105\u0107 kr\u0119ci\u0107 filmy ni\u017c pisa\u0107 interpelacje?<\/p>\n<p>Wszystkie pisma s\u0105 dost\u0119pne tutaj: <a href=\"http:\/\/bip.um.katowice.pl\/index.php?s=27&amp;id=1291207841\">http:\/\/bip.um.katowice.pl\/index.php?s=27&amp;id=1291207841<\/a><\/p>\n","protected":false},"excerpt":{"rendered":"<p>Dzisiaj przedstawi\u0119 niekt\u00f3re z pism, kt\u00f3re dosta\u0142em w odpowiedzi na Pa\u0144stwa interwencje przekazywane\u00a0podczas dy\u017cur\u00f3w, a tak\u017ce mailem i telefonicznie. W pa\u017adzierniku, wraz z kol. kol. Magd\u0105 Wieczorek i Witkiem Witkowiczem pisali\u015bmy o potrzebie utworzenia specjalnego serwisu lub chocia\u017c podstrony, na kt\u00f3rej urz\u0105d informowa\u0142by mieszka\u0144c\u00f3w o dost\u0119pnych dla nich programach dotacyjnych m.in. w zakresie modernizacji ogrzewania, [&hellip;]<\/p>\n","protected":false},"author":1,"featured_media":0,"comment_status":"open","ping_status":"open","sticky":false,"template":"","format":"standard","meta":{"om_disable_all_campaigns":false,"sharing_disabled":false,"spay_email":"","jetpack_publicize_message":""},"categories":[15,13,2,10,18,3],"tags":[],"aioseo_notices":[],"jetpack_featured_media_url":"","jetpack_publicize_connections":[],"jetpack_shortlink":"https:\/\/wp.me\/paiuYs-jd","_links":{"self":[{"href":"http:\/\/warzecha.katowice.pl\/index.php?rest_route=\/wp\/v2\/posts\/1191"}],"collection":[{"href":"http:\/\/warzecha.katowice.pl\/index.php?rest_route=\/wp\/v2\/posts"}],"about":[{"href":"http:\/\/warzecha.katowice.pl\/index.php?rest_route=\/wp\/v2\/types\/post"}],"author":[{"embeddable":true,"href":"http:\/\/warzecha.katowice.pl\/index.php?rest_route=\/wp\/v2\/users\/1"}],"replies":[{"embeddable":true,"href":"http:\/\/warzecha.katowice.pl\/index.php?rest_route=%2Fwp%2Fv2%2Fcomments&post=1191"}],"version-history":[{"count":0,"href":"http:\/\/warzecha.katowice.pl\/index.php?rest_route=\/wp\/v2\/posts\/1191\/revisions"}],"wp:attachment":[{"href":"http:\/\/warzecha.katowice.pl\/index.php?rest_route=%2Fwp%2Fv2%2Fmedia&parent=1191"}],"wp:term":[{"taxonomy":"category","embeddable":true,"href":"http:\/\/warzecha.katowice.pl\/index.php?rest_route=%2Fwp%2Fv2%2Fcategories&post=1191"},{"taxonomy":"post_tag","embeddable":true,"href":"http:\/\/warzecha.katowice.pl\/index.php?rest_route=%2Fwp%2Fv2%2Ftags&post=1191"}],"curies":[{"name":"wp","href":"https:\/\/api.w.org\/{rel}","templated":true}]}}