{"id":1,"date":"2006-09-16T16:53:10","date_gmt":"2006-09-16T14:53:10","guid":{"rendered":""},"modified":"2006-12-07T11:35:41","modified_gmt":"2006-12-07T10:35:41","slug":"hello-world","status":"publish","type":"post","link":"http:\/\/warzecha.katowice.pl\/?p=1","title":{"rendered":"lepsza.strona.miasta"},"content":{"rendered":"<p><strong>lepsza.strona.miasta &#8211; tak, uwa\u017cam bowiem, \u017ce wiem, co\u00a0nale\u017cy zrobi\u0107, aby Katowice stawa\u0142y si\u0119 miejscem, w kt\u00f3rym b\u0119dzie si\u0119 nam lepiej wsp\u00f3lnie mieszka\u0107.<\/strong><\/p>\n<p>Wychowa\u0142em si\u0119 tutaj, mieszkam tu i pracuj\u0119. To miasto\u00a0jest moim domem. Znam jego silne i s\u0142abe strony. Wiem,\u00a0jak nale\u017cy to miasto zmienia\u0107, \u017ceby nie sta\u0142o si\u0119 ono tylko gigantycznym skrzy\u017cowaniem, przez kt\u00f3re chce si\u0119 tylko sprawnie i szybko przejecha\u0107. Dotychczasowa praca w radzie miasta pozwoli\u0142a mi pozna\u0107\u00a0mo\u017cliwo\u015bci, wyzwania i szanse, kt\u00f3re mo\u017cemy wsp\u00f3lnie podj\u0105\u0107. Du\u017co tu do zrobienia. Znam\u00a0obszary dzia\u0142ania, w kt\u00f3rych podj\u0119cie inicjatywy poprawi\u0142oby jako\u015b\u0107 \u017cycia nas wszystkich. Dzisiaj Katowice kojarz\u0105 si\u0119 przeci\u0119tnemu mieszka\u0144cowi Polski z przest\u0119pczo\u015bci\u0105 i\u00a0brudem,\u00a0jako miejsce, w kt\u00f3rym \u017cycie jest trudne i niebezpieczne. Ale my \u017cyj\u0105c tutaj znamy ka\u017cdy kamie\u0144, dom i ulic\u0119. To nasz dom, kt\u00f3ry chcemy odnowi\u0107 i urz\u0105dzi\u0107 tak, by wydoby\u0107 z niego to, co najlepsze,\u00a0\u017ceby pokaza\u0107 sobie i s\u0105siadom, \u017ce mamy by\u0107 z czego dumni. Zapraszam do wsp\u00f3\u0142pracy w realizacji tego zamierzenia.<\/p>\n<p>Prawda jest jednak taka, \u017ce prawdziw\u0105 si\u0142\u0105 Katowic s\u0105 ludzie. Ludzie tw\u00f3rczy, konsekwentni i twardzi, nawykli do pracy &#8211; nie tylko ci\u0119\u017ckiej pracy fizycznej, ale tak\u017ce wszelkich innych aktywno\u015bci &#8211; pracy artystycznej,\u00a0naukowej, in\u017cynierskiej, ekonomicznej, pedagogicznej, sportowej i politycznej.<\/p>\n<p>To my wszyscy jeste\u015bmy lepsz\u0105 stron\u0105 tego miasta. Naszego miasta. Katowic<\/p>\n","protected":false},"excerpt":{"rendered":"<p>lepsza.strona.miasta &#8211; tak, uwa\u017cam bowiem, \u017ce wiem, co\u00a0nale\u017cy zrobi\u0107, aby Katowice stawa\u0142y si\u0119 miejscem, w kt\u00f3rym b\u0119dzie si\u0119 nam lepiej wsp\u00f3lnie mieszka\u0107. Wychowa\u0142em si\u0119 tutaj, mieszkam tu i pracuj\u0119. To miasto\u00a0jest moim domem. Znam jego silne i s\u0142abe strony. Wiem,\u00a0jak nale\u017cy to miasto zmienia\u0107, \u017ceby nie sta\u0142o si\u0119 ono tylko gigantycznym skrzy\u017cowaniem, przez kt\u00f3re chce [&hellip;]<\/p>\n","protected":false},"author":1,"featured_media":0,"comment_status":"open","ping_status":"open","sticky":false,"template":"","format":"standard","meta":{"om_disable_all_campaigns":false,"sharing_disabled":false,"spay_email":"","jetpack_publicize_message":""},"categories":[1,18,3],"tags":[],"aioseo_notices":[],"jetpack_featured_media_url":"","jetpack_publicize_connections":[],"jetpack_shortlink":"https:\/\/wp.me\/paiuYs-1","_links":{"self":[{"href":"http:\/\/warzecha.katowice.pl\/index.php?rest_route=\/wp\/v2\/posts\/1"}],"collection":[{"href":"http:\/\/warzecha.katowice.pl\/index.php?rest_route=\/wp\/v2\/posts"}],"about":[{"href":"http:\/\/warzecha.katowice.pl\/index.php?rest_route=\/wp\/v2\/types\/post"}],"author":[{"embeddable":true,"href":"http:\/\/warzecha.katowice.pl\/index.php?rest_route=\/wp\/v2\/users\/1"}],"replies":[{"embeddable":true,"href":"http:\/\/warzecha.katowice.pl\/index.php?rest_route=%2Fwp%2Fv2%2Fcomments&post=1"}],"version-history":[{"count":0,"href":"http:\/\/warzecha.katowice.pl\/index.php?rest_route=\/wp\/v2\/posts\/1\/revisions"}],"wp:attachment":[{"href":"http:\/\/warzecha.katowice.pl\/index.php?rest_route=%2Fwp%2Fv2%2Fmedia&parent=1"}],"wp:term":[{"taxonomy":"category","embeddable":true,"href":"http:\/\/warzecha.katowice.pl\/index.php?rest_route=%2Fwp%2Fv2%2Fcategories&post=1"},{"taxonomy":"post_tag","embeddable":true,"href":"http:\/\/warzecha.katowice.pl\/index.php?rest_route=%2Fwp%2Fv2%2Ftags&post=1"}],"curies":[{"name":"wp","href":"https:\/\/api.w.org\/{rel}","templated":true}]}}